{"id":10593,"date":"2021-03-07T09:59:00","date_gmt":"2021-03-07T12:59:00","guid":{"rendered":"https:\/\/iaavim.com\/?p=10593"},"modified":"2021-03-25T12:07:52","modified_gmt":"2021-03-25T15:07:52","slug":"se-conformo-la-colectiva-audiovisual-mutar","status":"publish","type":"post","link":"https:\/\/www.iaavim.gob.ar\/?p=10593","title":{"rendered":"Se conform\u00f3 la Colectiva Audiovisual MUTAR"},"content":{"rendered":"\n<p>*<em>Gacetilla de prensa elaborada por Mutar<\/em><\/p>\n\n\n\n<p><strong>Lanzan relevamiento para trabajadoras del audiovisual misionero<\/strong><\/p>\n\n\n\n<p>En el marco del 8 de marzo, el colectivo recientemente constituido Mujeres y Diversidades Trabajadoras del Audiovisual en Red (MUTAR) pone en marcha un relevamiento destinado a conocer la situaci\u00f3n de las y les trabajadores de este sector en la provincia de Misiones.<\/p>\n\n\n\n<p>Los datos ser\u00e1n utilizados con los objetivos de visibilizar a las\/es trabajadoras\/es del sector, vislumbrar las problem\u00e1ticas atravesadas como colectivo o comunidad, y realizar algunas estad\u00edsticas estimativas de roles y dem\u00e1s datos de utilidad e inter\u00e9s p\u00fablico.<\/p>\n\n\n\n<p>A partir del lunes, D\u00eda Internacional de la Mujer Trabajadora, el formulario online estar\u00e1 disponible para que puedan completarlo a trav\u00e9s de este link:&nbsp;<a href=\"https:\/\/forms.gle\/mzabpGYRkRkKkNSs8\" target=\"_blank\" rel=\"noreferrer noopener\">https:\/\/forms.gle\/mzabpGYRkRkKkNSs8<\/a><\/p>\n\n\n\n<h3 class=\"wp-block-heading\"><strong>\u00bfQu\u00e9 es MUTAR?<\/strong><\/h3>\n\n\n\n<p>MUTAR se construye como un espacio autoconvocado que busca visibilizar, reconocer, promover y estimular el trabajo de las mujeres y las diversidades en el sector audiovisual de la tierra roja y la regi\u00f3n.<\/p>\n\n\n\n<p>\u201c\u00bfCu\u00e1ntas pel\u00edculas dirigidas por mujeres y\/o identidades diversas viste en la provincia? \u00bfCu\u00e1ntas producciones audiovisuales conoces en las que hayan participado mujeres e identidades diversas como jefas de \u00e1rea?\u201d, se preguntan desde la colectiva.<\/p>\n\n\n\n<p>Desde mediados del a\u00f1o pasado, comenzaron a realizarse las reuniones en modo virtual, y se espera que en los pr\u00f3ximos meses se concrete una asamblea abierta para sumar a trabajadoras audiovisuales de distintos puntos de la provincia.<\/p>\n\n\n\n<p>\u201cArmar redes para pensar de qu\u00e9 manera lograr que nuestro trabajo sea valorado, que la igualdad y la paridad se efectivice en todos los \u00e1mbitos del audiovisual y que rompamos ese techo de cristal que nos impide contar nuestras propias historias\u201d, sostienen.<\/p>\n\n\n\n<p>\u201cBuscamos que las pol\u00edticas p\u00fablicas y las legislaciones que apuntan a la igualdad de g\u00e9neros, se materialicen tambi\u00e9n en el sector audiovisual de nuestra provincia y nuestra regi\u00f3n, frente y detr\u00e1s de c\u00e1mara\u201d, expresa el Manifiesto.<\/p>\n\n\n\n<p>Contacto:\u00a0<a href=\"mailto:mutaraudiovisual@gmail.com\" target=\"_blank\" rel=\"noreferrer noopener\">mutaraudiovisual@gmail.com<\/a><br>Instagram: <a href=\"https:\/\/www.instagram.com\/mutaraudiovisual\/\">@mutaraudiovisual<\/a><\/p>\n\n\n\n<p><\/p>\n","protected":false},"excerpt":{"rendered":"<p>*Gacetilla de prensa elaborada por Mutar Lanzan relevamiento para trabajadoras del audiovisual misionero En el marco del 8 de marzo, el colectivo recientemente constituido Mujeres y Diversidades Trabajadoras del Audiovisual en Red (MUTAR) pone en marcha un relevamiento destinado a conocer la situaci\u00f3n de las y les trabajadores de este sector en la provincia de &hellip;<\/p>\n","protected":false},"author":3,"featured_media":10594,"comment_status":"closed","ping_status":"open","sticky":false,"template":"","format":"standard","meta":{"_acf_changed":false,"footnotes":""},"categories":[39],"tags":[714,713,152],"class_list":["post-10593","post","type-post","status-publish","format-standard","has-post-thumbnail","hentry","category-noticias-del-iaavim","tag-mujeres-y-diversidades","tag-mutar","tag-relevamiento"],"acf":[],"yoast_head":"<!-- This site is optimized with the Yoast SEO plugin v27.4 - https:\/\/yoast.com\/product\/yoast-seo-wordpress\/ -->\n<title>Se conform\u00f3 la Colectiva Audiovisual MUTAR -<\/title>\n<meta name=\"description\" content=\"Mujeres y diversidades trabajadoras del audiovisual de Misiones presentaron la red Mutar y lanzaron un relevamiento.\" \/>\n<meta name=\"robots\" content=\"index, follow, max-snippet:-1, max-image-preview:large, max-video-preview:-1\" \/>\n<link rel=\"canonical\" href=\"https:\/\/www.iaavim.gob.ar\/?p=10593\" \/>\n<meta property=\"og:locale\" content=\"es_ES\" \/>\n<meta property=\"og:type\" content=\"article\" \/>\n<meta property=\"og:title\" content=\"Se conform\u00f3 la Colectiva Audiovisual MUTAR -\" \/>\n<meta property=\"og:description\" content=\"Mujeres y diversidades trabajadoras del audiovisual de Misiones presentaron la red Mutar y lanzaron un relevamiento.\" \/>\n<meta property=\"og:url\" content=\"https:\/\/www.iaavim.gob.ar\/?p=10593\" \/>\n<meta property=\"article:published_time\" content=\"2021-03-07T12:59:00+00:00\" \/>\n<meta property=\"article:modified_time\" content=\"2021-03-25T15:07:52+00:00\" \/>\n<meta property=\"og:image\" content=\"https:\/\/www.iaavim.gob.ar\/wp-content\/uploads\/2021\/03\/NEW-portada-sitio-12.png\" \/>\n\t<meta property=\"og:image:width\" content=\"1200\" \/>\n\t<meta property=\"og:image:height\" content=\"480\" \/>\n\t<meta property=\"og:image:type\" content=\"image\/png\" \/>\n<meta name=\"author\" content=\"Maga\" \/>\n<meta name=\"twitter:card\" content=\"summary_large_image\" \/>\n<meta name=\"twitter:label1\" content=\"Escrito por\" \/>\n\t<meta name=\"twitter:data1\" content=\"Maga\" \/>\n\t<meta name=\"twitter:label2\" content=\"Tiempo de lectura\" \/>\n\t<meta name=\"twitter:data2\" content=\"2 minutos\" \/>\n<script type=\"application\/ld+json\" class=\"yoast-schema-graph\">{\"@context\":\"https:\\\/\\\/schema.org\",\"@graph\":[{\"@type\":\"Article\",\"@id\":\"https:\\\/\\\/www.iaavim.gob.ar\\\/?p=10593#article\",\"isPartOf\":{\"@id\":\"https:\\\/\\\/www.iaavim.gob.ar\\\/?p=10593\"},\"author\":{\"name\":\"Maga\",\"@id\":\"\\\/#\\\/schema\\\/person\\\/48e7f0650fb6416697b2e7b3a5fff900\"},\"headline\":\"Se conform\u00f3 la Colectiva Audiovisual MUTAR\",\"datePublished\":\"2021-03-07T12:59:00+00:00\",\"dateModified\":\"2021-03-25T15:07:52+00:00\",\"mainEntityOfPage\":{\"@id\":\"https:\\\/\\\/www.iaavim.gob.ar\\\/?p=10593\"},\"wordCount\":343,\"publisher\":{\"@id\":\"\\\/#organization\"},\"image\":{\"@id\":\"https:\\\/\\\/www.iaavim.gob.ar\\\/?p=10593#primaryimage\"},\"thumbnailUrl\":\"https:\\\/\\\/www.iaavim.gob.ar\\\/wp-content\\\/uploads\\\/2021\\\/03\\\/NEW-portada-sitio-12.png\",\"keywords\":[\"mujeres y diversidades\",\"Mutar\",\"RELEVAMIENTO\"],\"articleSection\":[\"Noticias del IAAviM\"],\"inLanguage\":\"es-AR\"},{\"@type\":\"WebPage\",\"@id\":\"https:\\\/\\\/www.iaavim.gob.ar\\\/?p=10593\",\"url\":\"https:\\\/\\\/www.iaavim.gob.ar\\\/?p=10593\",\"name\":\"Se conform\u00f3 la Colectiva Audiovisual MUTAR -\",\"isPartOf\":{\"@id\":\"\\\/#website\"},\"primaryImageOfPage\":{\"@id\":\"https:\\\/\\\/www.iaavim.gob.ar\\\/?p=10593#primaryimage\"},\"image\":{\"@id\":\"https:\\\/\\\/www.iaavim.gob.ar\\\/?p=10593#primaryimage\"},\"thumbnailUrl\":\"https:\\\/\\\/www.iaavim.gob.ar\\\/wp-content\\\/uploads\\\/2021\\\/03\\\/NEW-portada-sitio-12.png\",\"datePublished\":\"2021-03-07T12:59:00+00:00\",\"dateModified\":\"2021-03-25T15:07:52+00:00\",\"description\":\"Mujeres y diversidades trabajadoras del audiovisual de Misiones presentaron la red Mutar y lanzaron un relevamiento.\",\"breadcrumb\":{\"@id\":\"https:\\\/\\\/www.iaavim.gob.ar\\\/?p=10593#breadcrumb\"},\"inLanguage\":\"es-AR\",\"potentialAction\":[{\"@type\":\"ReadAction\",\"target\":[\"https:\\\/\\\/www.iaavim.gob.ar\\\/?p=10593\"]}]},{\"@type\":\"ImageObject\",\"inLanguage\":\"es-AR\",\"@id\":\"https:\\\/\\\/www.iaavim.gob.ar\\\/?p=10593#primaryimage\",\"url\":\"https:\\\/\\\/www.iaavim.gob.ar\\\/wp-content\\\/uploads\\\/2021\\\/03\\\/NEW-portada-sitio-12.png\",\"contentUrl\":\"https:\\\/\\\/www.iaavim.gob.ar\\\/wp-content\\\/uploads\\\/2021\\\/03\\\/NEW-portada-sitio-12.png\",\"width\":1200,\"height\":480},{\"@type\":\"BreadcrumbList\",\"@id\":\"https:\\\/\\\/www.iaavim.gob.ar\\\/?p=10593#breadcrumb\",\"itemListElement\":[{\"@type\":\"ListItem\",\"position\":1,\"name\":\"Inicio\",\"item\":\"https:\\\/\\\/www.iaavim.gob.ar\\\/\"},{\"@type\":\"ListItem\",\"position\":2,\"name\":\"Se conform\u00f3 la Colectiva Audiovisual MUTAR\"}]},{\"@type\":\"WebSite\",\"@id\":\"\\\/#website\",\"url\":\"\\\/\",\"name\":\"\",\"description\":\"Sitio oficial del IAAviM\",\"publisher\":{\"@id\":\"\\\/#organization\"},\"potentialAction\":[{\"@type\":\"SearchAction\",\"target\":{\"@type\":\"EntryPoint\",\"urlTemplate\":\"\\\/?s={search_term_string}\"},\"query-input\":{\"@type\":\"PropertyValueSpecification\",\"valueRequired\":true,\"valueName\":\"search_term_string\"}}],\"inLanguage\":\"es-AR\"},{\"@type\":\"Organization\",\"@id\":\"\\\/#organization\",\"name\":\"Instituto de Artes Audiovisuales de Misiones\",\"url\":\"\\\/\",\"logo\":{\"@type\":\"ImageObject\",\"inLanguage\":\"es-AR\",\"@id\":\"\\\/#\\\/schema\\\/logo\\\/image\\\/\",\"url\":\"https:\\\/\\\/iaavim.misiones.gob.ar\\\/wp-content\\\/uploads\\\/2021\\\/07\\\/logo-iaavim-preview.png.jpg\",\"contentUrl\":\"https:\\\/\\\/iaavim.misiones.gob.ar\\\/wp-content\\\/uploads\\\/2021\\\/07\\\/logo-iaavim-preview.png.jpg\",\"width\":1200,\"height\":675,\"caption\":\"Instituto de Artes Audiovisuales de Misiones\"},\"image\":{\"@id\":\"\\\/#\\\/schema\\\/logo\\\/image\\\/\"}},{\"@type\":\"Person\",\"@id\":\"\\\/#\\\/schema\\\/person\\\/48e7f0650fb6416697b2e7b3a5fff900\",\"name\":\"Maga\",\"image\":{\"@type\":\"ImageObject\",\"inLanguage\":\"es-AR\",\"@id\":\"https:\\\/\\\/secure.gravatar.com\\\/avatar\\\/43e753bc845719140a5e2681ae6307c64e515fc1e93b753d9dc0d7cd4c48f55d?s=96&d=blank&r=g\",\"url\":\"https:\\\/\\\/secure.gravatar.com\\\/avatar\\\/43e753bc845719140a5e2681ae6307c64e515fc1e93b753d9dc0d7cd4c48f55d?s=96&d=blank&r=g\",\"contentUrl\":\"https:\\\/\\\/secure.gravatar.com\\\/avatar\\\/43e753bc845719140a5e2681ae6307c64e515fc1e93b753d9dc0d7cd4c48f55d?s=96&d=blank&r=g\",\"caption\":\"Maga\"},\"url\":\"https:\\\/\\\/www.iaavim.gob.ar\\\/?author=3\"}]}<\/script>\n<!-- \/ Yoast SEO plugin. -->","yoast_head_json":{"title":"Se conform\u00f3 la Colectiva Audiovisual MUTAR -","description":"Mujeres y diversidades trabajadoras del audiovisual de Misiones presentaron la red Mutar y lanzaron un relevamiento.","robots":{"index":"index","follow":"follow","max-snippet":"max-snippet:-1","max-image-preview":"max-image-preview:large","max-video-preview":"max-video-preview:-1"},"canonical":"https:\/\/www.iaavim.gob.ar\/?p=10593","og_locale":"es_ES","og_type":"article","og_title":"Se conform\u00f3 la Colectiva Audiovisual MUTAR -","og_description":"Mujeres y diversidades trabajadoras del audiovisual de Misiones presentaron la red Mutar y lanzaron un relevamiento.","og_url":"https:\/\/www.iaavim.gob.ar\/?p=10593","article_published_time":"2021-03-07T12:59:00+00:00","article_modified_time":"2021-03-25T15:07:52+00:00","og_image":[{"width":1200,"height":480,"url":"https:\/\/www.iaavim.gob.ar\/wp-content\/uploads\/2021\/03\/NEW-portada-sitio-12.png","type":"image\/png"}],"author":"Maga","twitter_card":"summary_large_image","twitter_misc":{"Escrito por":"Maga","Tiempo de lectura":"2 minutos"},"schema":{"@context":"https:\/\/schema.org","@graph":[{"@type":"Article","@id":"https:\/\/www.iaavim.gob.ar\/?p=10593#article","isPartOf":{"@id":"https:\/\/www.iaavim.gob.ar\/?p=10593"},"author":{"name":"Maga","@id":"\/#\/schema\/person\/48e7f0650fb6416697b2e7b3a5fff900"},"headline":"Se conform\u00f3 la Colectiva Audiovisual MUTAR","datePublished":"2021-03-07T12:59:00+00:00","dateModified":"2021-03-25T15:07:52+00:00","mainEntityOfPage":{"@id":"https:\/\/www.iaavim.gob.ar\/?p=10593"},"wordCount":343,"publisher":{"@id":"\/#organization"},"image":{"@id":"https:\/\/www.iaavim.gob.ar\/?p=10593#primaryimage"},"thumbnailUrl":"https:\/\/www.iaavim.gob.ar\/wp-content\/uploads\/2021\/03\/NEW-portada-sitio-12.png","keywords":["mujeres y diversidades","Mutar","RELEVAMIENTO"],"articleSection":["Noticias del IAAviM"],"inLanguage":"es-AR"},{"@type":"WebPage","@id":"https:\/\/www.iaavim.gob.ar\/?p=10593","url":"https:\/\/www.iaavim.gob.ar\/?p=10593","name":"Se conform\u00f3 la Colectiva Audiovisual MUTAR -","isPartOf":{"@id":"\/#website"},"primaryImageOfPage":{"@id":"https:\/\/www.iaavim.gob.ar\/?p=10593#primaryimage"},"image":{"@id":"https:\/\/www.iaavim.gob.ar\/?p=10593#primaryimage"},"thumbnailUrl":"https:\/\/www.iaavim.gob.ar\/wp-content\/uploads\/2021\/03\/NEW-portada-sitio-12.png","datePublished":"2021-03-07T12:59:00+00:00","dateModified":"2021-03-25T15:07:52+00:00","description":"Mujeres y diversidades trabajadoras del audiovisual de Misiones presentaron la red Mutar y lanzaron un relevamiento.","breadcrumb":{"@id":"https:\/\/www.iaavim.gob.ar\/?p=10593#breadcrumb"},"inLanguage":"es-AR","potentialAction":[{"@type":"ReadAction","target":["https:\/\/www.iaavim.gob.ar\/?p=10593"]}]},{"@type":"ImageObject","inLanguage":"es-AR","@id":"https:\/\/www.iaavim.gob.ar\/?p=10593#primaryimage","url":"https:\/\/www.iaavim.gob.ar\/wp-content\/uploads\/2021\/03\/NEW-portada-sitio-12.png","contentUrl":"https:\/\/www.iaavim.gob.ar\/wp-content\/uploads\/2021\/03\/NEW-portada-sitio-12.png","width":1200,"height":480},{"@type":"BreadcrumbList","@id":"https:\/\/www.iaavim.gob.ar\/?p=10593#breadcrumb","itemListElement":[{"@type":"ListItem","position":1,"name":"Inicio","item":"https:\/\/www.iaavim.gob.ar\/"},{"@type":"ListItem","position":2,"name":"Se conform\u00f3 la Colectiva Audiovisual MUTAR"}]},{"@type":"WebSite","@id":"\/#website","url":"\/","name":"","description":"Sitio oficial del IAAviM","publisher":{"@id":"\/#organization"},"potentialAction":[{"@type":"SearchAction","target":{"@type":"EntryPoint","urlTemplate":"\/?s={search_term_string}"},"query-input":{"@type":"PropertyValueSpecification","valueRequired":true,"valueName":"search_term_string"}}],"inLanguage":"es-AR"},{"@type":"Organization","@id":"\/#organization","name":"Instituto de Artes Audiovisuales de Misiones","url":"\/","logo":{"@type":"ImageObject","inLanguage":"es-AR","@id":"\/#\/schema\/logo\/image\/","url":"https:\/\/iaavim.misiones.gob.ar\/wp-content\/uploads\/2021\/07\/logo-iaavim-preview.png.jpg","contentUrl":"https:\/\/iaavim.misiones.gob.ar\/wp-content\/uploads\/2021\/07\/logo-iaavim-preview.png.jpg","width":1200,"height":675,"caption":"Instituto de Artes Audiovisuales de Misiones"},"image":{"@id":"\/#\/schema\/logo\/image\/"}},{"@type":"Person","@id":"\/#\/schema\/person\/48e7f0650fb6416697b2e7b3a5fff900","name":"Maga","image":{"@type":"ImageObject","inLanguage":"es-AR","@id":"https:\/\/secure.gravatar.com\/avatar\/43e753bc845719140a5e2681ae6307c64e515fc1e93b753d9dc0d7cd4c48f55d?s=96&d=blank&r=g","url":"https:\/\/secure.gravatar.com\/avatar\/43e753bc845719140a5e2681ae6307c64e515fc1e93b753d9dc0d7cd4c48f55d?s=96&d=blank&r=g","contentUrl":"https:\/\/secure.gravatar.com\/avatar\/43e753bc845719140a5e2681ae6307c64e515fc1e93b753d9dc0d7cd4c48f55d?s=96&d=blank&r=g","caption":"Maga"},"url":"https:\/\/www.iaavim.gob.ar\/?author=3"}]}},"amp_enabled":true,"_links":{"self":[{"href":"https:\/\/www.iaavim.gob.ar\/index.php?rest_route=\/wp\/v2\/posts\/10593","targetHints":{"allow":["GET"]}}],"collection":[{"href":"https:\/\/www.iaavim.gob.ar\/index.php?rest_route=\/wp\/v2\/posts"}],"about":[{"href":"https:\/\/www.iaavim.gob.ar\/index.php?rest_route=\/wp\/v2\/types\/post"}],"author":[{"embeddable":true,"href":"https:\/\/www.iaavim.gob.ar\/index.php?rest_route=\/wp\/v2\/users\/3"}],"replies":[{"embeddable":true,"href":"https:\/\/www.iaavim.gob.ar\/index.php?rest_route=%2Fwp%2Fv2%2Fcomments&post=10593"}],"version-history":[{"count":1,"href":"https:\/\/www.iaavim.gob.ar\/index.php?rest_route=\/wp\/v2\/posts\/10593\/revisions"}],"predecessor-version":[{"id":10595,"href":"https:\/\/www.iaavim.gob.ar\/index.php?rest_route=\/wp\/v2\/posts\/10593\/revisions\/10595"}],"wp:featuredmedia":[{"embeddable":true,"href":"https:\/\/www.iaavim.gob.ar\/index.php?rest_route=\/wp\/v2\/media\/10594"}],"wp:attachment":[{"href":"https:\/\/www.iaavim.gob.ar\/index.php?rest_route=%2Fwp%2Fv2%2Fmedia&parent=10593"}],"wp:term":[{"taxonomy":"category","embeddable":true,"href":"https:\/\/www.iaavim.gob.ar\/index.php?rest_route=%2Fwp%2Fv2%2Fcategories&post=10593"},{"taxonomy":"post_tag","embeddable":true,"href":"https:\/\/www.iaavim.gob.ar\/index.php?rest_route=%2Fwp%2Fv2%2Ftags&post=10593"}],"curies":[{"name":"wp","href":"https:\/\/api.w.org\/{rel}","templated":true}]}}