{"id":10170,"date":"2020-11-14T15:27:34","date_gmt":"2020-11-14T18:27:34","guid":{"rendered":"https:\/\/iaavim.com\/?p=10170"},"modified":"2020-11-14T15:29:08","modified_gmt":"2020-11-14T18:29:08","slug":"autoridades-misioneras-del-audiovisual-en-el-primer-coloquio-del-sector","status":"publish","type":"post","link":"https:\/\/www.iaavim.gob.ar\/?p=10170","title":{"rendered":"Autoridades misioneras del Audiovisual en el Primer Coloquio del sector"},"content":{"rendered":"\n<p>\u201c\u00bfQu\u00e9 industria audiovisual queremos (re)construir?\u201d, fue la pregunta que discurri\u00f3 durante el <strong>Primer Coloquio de la Industria Audiovisual Argentina<\/strong>, realizado el 11 y 12 de noviembre, por la <strong>Asociaci\u00f3n de Productores Audiovisuales de C\u00f3rdoba (APAC)<\/strong>.<\/p>\n\n\n\n<p>El <strong>ministro secretario de Cultura, Joselo Schuap<\/strong>, y el <strong>presidente del Instituto de Artes Audiovisuales de Misiones (IAAviM), Mario Gim\u00e9nez<\/strong>, fueron parte del evento virtual integrando el panel <strong>\u201cHacia un modelo multipolar de la industria\u201d<\/strong>, en el cual se compartieron las experiencias de asociaci\u00f3n estrat\u00e9gicas con destino al fomento de la producci\u00f3n audiovisual en Misiones, C\u00f3rdoba, Catalunya y por parte del Banco Interamericano de Desarrollo (BID).<\/p>\n\n\n\n<p><strong>\u201cCu\u00e1nto podemos conseguir si llegamos a asociarnos\u201d<\/strong>, afirm\u00f3 el ministro Schuap durante su exposici\u00f3n. El titular de la cartera de Cultura expres\u00f3 que, para Misiones, una provincia vinculada a Paraguay y Brasil por sus fronteras, con una poblaci\u00f3n en su mayor\u00eda de j\u00f3venes y con la necesidad y obligaci\u00f3n de cuidar los recursos naturales; <strong>el insumo creativo es lo m\u00e1s importante<\/strong>. Asimismo, se\u00f1al\u00f3 que durante su gesti\u00f3n se apunta a la creaci\u00f3n de fuentes de trabajo y el desarrollo de las actividades asociadas a trav\u00e9s del impulso a la econom\u00eda naranja, con cr\u00e9ditos y l\u00edneas espec\u00edficas.<\/p>\n\n\n\n<p>Con respecto al audiovisual en Misiones, Schuap opin\u00f3 que \u201cnosotros estamos en la fila de esa lista de importantes territorios de producci\u00f3n cinematogr\u00e1fica; <strong>cada d\u00eda subimos un escaloncito, un pelda\u00f1o, lo hacemos con mucha humildad, prestando inter\u00e9s a toda la articulaci\u00f3n posible, todos los modelos de negocio que podamos tener con asistencia t\u00e9cnica son para nosotros fundamentales<\/strong>\u201d.<\/p>\n\n\n\n<p>En sinton\u00eda con lo expresado por el ministro, al tomar la palabra Mario Gim\u00e9nez, valor\u00f3 la <strong>trayectoria del sector audiovisual misionero en lo que respecta a articulaci\u00f3n y asociativismo para producir<\/strong>. \u201c\u2026Desde antes que exista el IAAviM, hay por lo menos 10 a\u00f1os de trabajo entre el sector privado organizado y el \u00e1mbito p\u00fablico que posibilitaron la creaci\u00f3n de la Ley\u201d, record\u00f3.<\/p>\n\n\n\n<p>Para ejemplificar el impacto que han tenido, y tienen actualmente, las <strong>pol\u00edticas de gesti\u00f3n asociada<\/strong>, el presidente del IAAviM se\u00f1al\u00f3 que desde la sanci\u00f3n de la Ley VI 171 de Promoci\u00f3n Audiovisual de Misiones y creaci\u00f3n del Instituto, es indudable la <strong>aceleraci\u00f3n en la cantidad de producciones desarrolladas en la provincia<\/strong>, iniciando en 2016 con el fomento a dos pel\u00edculas y pasando a ocho al finalizar el 2019.<\/p>\n\n\n\n<figure class=\"wp-block-image size-large\"><img loading=\"lazy\" decoding=\"async\" width=\"960\" height=\"540\" src=\"https:\/\/iaavim.misiones.gob.ar\/wp-content\/uploads\/2020\/11\/MARIO-coloquio-APAC.jpg\" alt=\"\" class=\"wp-image-10173\" srcset=\"https:\/\/www.iaavim.gob.ar\/wp-content\/uploads\/2020\/11\/MARIO-coloquio-APAC.jpg 960w, https:\/\/www.iaavim.gob.ar\/wp-content\/uploads\/2020\/11\/MARIO-coloquio-APAC-300x169.jpg 300w, https:\/\/www.iaavim.gob.ar\/wp-content\/uploads\/2020\/11\/MARIO-coloquio-APAC-768x432.jpg 768w, https:\/\/www.iaavim.gob.ar\/wp-content\/uploads\/2020\/11\/MARIO-coloquio-APAC-390x220.jpg 390w\" sizes=\"auto, (max-width: 960px) 100vw, 960px\" \/><\/figure>\n\n\n\n<p>\u201cDesde el inicio del IAAviM, de alguna manera hemos logrado construir dos pilares: uno fue claramente la <strong>promoci\u00f3n del destino Misiones y el fomento a la actividad<\/strong>, que puso fondos p\u00fablicos destinados a productores misioneros como beneficiarios para que pudieran articular con pares de otras regiones -mecanismo que tenemos abierto en este momento-, sumado a la vinculaci\u00f3n de nuestros productores, asistiendo a mercados, a encuentros y otras instancias de intercambio para poder llevar adelante esos proyectos. Eso lo hacemos, insisto, con el aporte de fondos p\u00fablicos destinados al fomento de la actividad y con capacitaci\u00f3n y gesti\u00f3n permanente para estar en los est\u00e1ndares de calidad. El otro aspecto tiene que ver un poco con el efecto pandemia, ya lo ven\u00edamos haciendo antes, pero lo hemos acrecentado, que es el <strong>desarrollo de proyectos<\/strong>\u201d, cont\u00f3 Gim\u00e9nez.<\/p>\n\n\n\n<p>Durante su intervenci\u00f3n en el panel, el titular del IAAviM tambi\u00e9n detall\u00f3 algunas <strong>experiencias de vinculaci\u00f3n<\/strong> que durante este corto tiempo se han desarrollado. Entre ellas mencion\u00f3 la articulaci\u00f3n y creaci\u00f3n de un programa de co-creaci\u00f3n de proyectos con el <strong>Cl\u00faster Audiovisual Eiken<\/strong>, del Pa\u00eds Vasco; la integraci\u00f3n de la <strong>Red de Cooperaci\u00f3n Audiovisual Entre Fronteras<\/strong>, con frutos concretos como lo fueron la realizaci\u00f3n del primer <strong>Mercado Audiovisual Entre Fronteras<\/strong>, realizado en 2019 en Posadas, y el Concurso Audiovisual desarrollado en conjunto con el <strong>Instituto Estadual de Rio Grande do Sul (IECINE RS -Brasil)<\/strong>, el cual promueve la integraci\u00f3n de equipos mixtos y el fomento regional. Adem\u00e1s, coment\u00f3 el trabajo que se est\u00e1 llevando adelante con el <strong>Sistema Federal de Medios<\/strong> <strong>P\u00fablicos<\/strong>, entre otros.<\/p>\n\n\n\n<p>Cabe destacar la relevancia y trayectoria de los dem\u00e1s panelistas, quienes enriquecieron el espacio de di\u00e1logo a partir de sus experiencias en el desarrollo de polos audiovisuales, y por sus miradas y an\u00e1lisis del presente y futuro de la industria. Ellos son:\u00a0<strong>Mateo Grazzi<\/strong>, especialista de la Divisi\u00f3n Competitividad e Innovaci\u00f3n del BID, <strong>Eduard Gil Baquero<\/strong>, manager del Cl\u00faster Audiovisual de Catalunya, <strong>Jorge \u00c1lvarez<\/strong>, vicepresidente de la Agencia C\u00f3rdoba Cultura y director del Polo Audiovisual C\u00f3rdoba. <strong>Germ\u00e1n Calvi<\/strong>, presidente del Observatorio del Sector Audiovisual e Infocomunicacional, ocup\u00f3 el rol de moderador durante la charla.<\/p>\n\n\n\n<p>Al finalizar las exposiciones e intercambios con los asistentes virtuales, <strong>Paola Su\u00e1rez, presidenta de APAC,<\/strong> agradeci\u00f3 a cada panelista y propuso como cierre\u00a0\u201cpensar una reconstrucci\u00f3n para el 2021, con <strong>alg\u00fan esquema, fondo, foro de coproducci\u00f3n entre Misiones, C\u00f3rdoba y el Cl\u00faster de Catalunya, para poner en hechos concretos todo lo que tenga que ver con la multipolaridad<\/strong>. Creo que tenemos muchas historias que podemos contar, y sin lugar a duda, vamos a tener la enorme posibilidad -como estamos reflexionando y repens\u00e1ndonos-, de que eso sea con perspectiva de g\u00e9nero, con igualdad de acceso, el desarrollo de las mujeres y disidencias. Ese puede ser un buen faro y buen eje para que el 2021 nos encuentre trabajando en conjunto\u201d.<\/p>\n\n\n\n<p>Adem\u00e1s del panel referido anteriormente, durante los dos d\u00edas del Coloquio se desarrollaron los siguientes temas:\u00a0La Industria Audiovisual en n\u00fameros, Coproducci\u00f3n e internacionalizaci\u00f3n, Equidad de g\u00e9nero y diversidad, La Industria Audiovisual en la econom\u00eda del conocimiento y El modelo multipolar a nivel local y nacional. Quienes deseen verlos, <strong>las disertaciones se encuentran disponibles en el canal de youtube de la\u00a0Asociaci\u00f3n de Productores Audiovisuales de C\u00f3rdoba<\/strong>.<\/p>\n\n\n\n<div style=\"height:60px\" aria-hidden=\"true\" class=\"wp-block-spacer\"><\/div>\n\n\n\n<figure class=\"wp-block-embed-youtube wp-block-embed is-type-video is-provider-youtube wp-embed-aspect-16-9 wp-has-aspect-ratio\"><div class=\"wp-block-embed__wrapper\">\n<iframe loading=\"lazy\"  id=\"_ytid_90763\"  width=\"480\" height=\"270\"  data-origwidth=\"480\" data-origheight=\"270\" src=\"https:\/\/www.youtube.com\/embed\/JHXsjVKgZ68?enablejsapi=1&#038;list=PLAOwH3n_FVYSQbos1cd_tcpti8u3T8Eeq&#038;index=3&#038;autoplay=0&#038;cc_load_policy=0&#038;cc_lang_pref=&#038;iv_load_policy=1&#038;loop=0&#038;rel=0&#038;fs=1&#038;playsinline=0&#038;autohide=2&#038;hl=es_AR&#038;theme=dark&#038;color=red&#038;controls=1&#038;disablekb=0&#038;\" class=\"__youtube_prefs__  epyt-is-override  no-lazyload\" title=\"YouTube player\"  allow=\"fullscreen; accelerometer; autoplay; clipboard-write; encrypted-media; gyroscope; picture-in-picture; web-share\" referrerpolicy=\"strict-origin-when-cross-origin\" allowfullscreen data-no-lazy=\"1\" data-skipgform_ajax_framebjll=\"\"><\/iframe>\n<\/div><\/figure>\n\n\n\n<div style=\"height:100px\" aria-hidden=\"true\" class=\"wp-block-spacer\"><\/div>\n","protected":false},"excerpt":{"rendered":"<p>\u201c\u00bfQu\u00e9 industria audiovisual queremos (re)construir?\u201d, fue la pregunta que discurri\u00f3 durante el Primer Coloquio de la Industria Audiovisual Argentina, realizado el 11 y 12 de noviembre, por la Asociaci\u00f3n de Productores Audiovisuales de C\u00f3rdoba (APAC). El ministro secretario de Cultura, Joselo Schuap, y el presidente del Instituto de Artes Audiovisuales de Misiones (IAAviM), Mario Gim\u00e9nez, &hellip;<\/p>\n","protected":false},"author":1,"featured_media":10171,"comment_status":"closed","ping_status":"open","sticky":false,"template":"","format":"standard","meta":{"_acf_changed":false,"footnotes":""},"categories":[39],"tags":[645,644,643,574,646],"class_list":["post-10170","post","type-post","status-publish","format-standard","has-post-thumbnail","hentry","category-noticias-del-iaavim","tag-apac","tag-asociacion-de-productores-audiovisuales-de-cordoba","tag-coloquio-industria-audiovisual","tag-joselo-schuap","tag-mario-gimenez"],"acf":[],"yoast_head":"<!-- This site is optimized with the Yoast SEO plugin v27.4 - https:\/\/yoast.com\/product\/yoast-seo-wordpress\/ -->\n<title>Autoridades misioneras del Audiovisual en el Primer Coloquio del sector - IAAviM<\/title>\n<meta name=\"description\" content=\"Joselo Schuap y Mario Gim\u00e9nez compartieron experiencias estrat\u00e9gicas de vinculaci\u00f3n en el panel \u201cHacia un modelo multipolar de la industria\u201d.\" \/>\n<meta name=\"robots\" content=\"index, follow, max-snippet:-1, max-image-preview:large, max-video-preview:-1\" \/>\n<link rel=\"canonical\" href=\"https:\/\/www.iaavim.gob.ar\/?p=10170\" \/>\n<meta property=\"og:locale\" content=\"es_ES\" \/>\n<meta property=\"og:type\" content=\"article\" \/>\n<meta property=\"og:title\" content=\"Autoridades misioneras del Audiovisual en el Primer Coloquio del sector - IAAviM\" \/>\n<meta property=\"og:description\" content=\"Joselo Schuap y Mario Gim\u00e9nez compartieron experiencias estrat\u00e9gicas de vinculaci\u00f3n en el panel \u201cHacia un modelo multipolar de la industria\u201d.\" \/>\n<meta property=\"og:url\" content=\"https:\/\/www.iaavim.gob.ar\/?p=10170\" \/>\n<meta property=\"article:published_time\" content=\"2020-11-14T18:27:34+00:00\" \/>\n<meta property=\"article:modified_time\" content=\"2020-11-14T18:29:08+00:00\" \/>\n<meta property=\"og:image\" content=\"https:\/\/www.iaavim.gob.ar\/wp-content\/uploads\/2020\/11\/NEW-portada-sitio-17.png\" \/>\n\t<meta property=\"og:image:width\" content=\"1200\" \/>\n\t<meta property=\"og:image:height\" content=\"480\" \/>\n\t<meta property=\"og:image:type\" content=\"image\/png\" \/>\n<meta name=\"author\" content=\"IAAviM\" \/>\n<meta name=\"twitter:card\" content=\"summary_large_image\" \/>\n<meta name=\"twitter:label1\" content=\"Escrito por\" \/>\n\t<meta name=\"twitter:data1\" content=\"IAAviM\" \/>\n\t<meta name=\"twitter:label2\" content=\"Tiempo de lectura\" \/>\n\t<meta name=\"twitter:data2\" content=\"5 minutos\" \/>\n<script type=\"application\/ld+json\" class=\"yoast-schema-graph\">{\"@context\":\"https:\\\/\\\/schema.org\",\"@graph\":[{\"@type\":\"Article\",\"@id\":\"https:\\\/\\\/www.iaavim.gob.ar\\\/?p=10170#article\",\"isPartOf\":{\"@id\":\"https:\\\/\\\/www.iaavim.gob.ar\\\/?p=10170\"},\"author\":{\"name\":\"IAAviM\",\"@id\":\"\\\/#\\\/schema\\\/person\\\/567fbb427319d0dae3bc6b33aba48a62\"},\"headline\":\"Autoridades misioneras del Audiovisual en el Primer Coloquio del sector\",\"datePublished\":\"2020-11-14T18:27:34+00:00\",\"dateModified\":\"2020-11-14T18:29:08+00:00\",\"mainEntityOfPage\":{\"@id\":\"https:\\\/\\\/www.iaavim.gob.ar\\\/?p=10170\"},\"wordCount\":1035,\"publisher\":{\"@id\":\"\\\/#organization\"},\"image\":{\"@id\":\"https:\\\/\\\/www.iaavim.gob.ar\\\/?p=10170#primaryimage\"},\"thumbnailUrl\":\"https:\\\/\\\/www.iaavim.gob.ar\\\/wp-content\\\/uploads\\\/2020\\\/11\\\/NEW-portada-sitio-17.png\",\"keywords\":[\"APAC\",\"Asociaci\u00f3n de Productores Audiovisuales de C\u00f3rdoba\",\"Coloquio Industria Audiovisual\",\"Joselo Schuap\",\"Mario Gim\u00e9nez\"],\"articleSection\":[\"Noticias del IAAviM\"],\"inLanguage\":\"es-AR\"},{\"@type\":\"WebPage\",\"@id\":\"https:\\\/\\\/www.iaavim.gob.ar\\\/?p=10170\",\"url\":\"https:\\\/\\\/www.iaavim.gob.ar\\\/?p=10170\",\"name\":\"Autoridades misioneras del Audiovisual en el Primer Coloquio del sector - IAAviM\",\"isPartOf\":{\"@id\":\"\\\/#website\"},\"primaryImageOfPage\":{\"@id\":\"https:\\\/\\\/www.iaavim.gob.ar\\\/?p=10170#primaryimage\"},\"image\":{\"@id\":\"https:\\\/\\\/www.iaavim.gob.ar\\\/?p=10170#primaryimage\"},\"thumbnailUrl\":\"https:\\\/\\\/www.iaavim.gob.ar\\\/wp-content\\\/uploads\\\/2020\\\/11\\\/NEW-portada-sitio-17.png\",\"datePublished\":\"2020-11-14T18:27:34+00:00\",\"dateModified\":\"2020-11-14T18:29:08+00:00\",\"description\":\"Joselo Schuap y Mario Gim\u00e9nez compartieron experiencias estrat\u00e9gicas de vinculaci\u00f3n en el panel \u201cHacia un modelo multipolar de la industria\u201d.\",\"breadcrumb\":{\"@id\":\"https:\\\/\\\/www.iaavim.gob.ar\\\/?p=10170#breadcrumb\"},\"inLanguage\":\"es-AR\",\"potentialAction\":[{\"@type\":\"ReadAction\",\"target\":[\"https:\\\/\\\/www.iaavim.gob.ar\\\/?p=10170\"]}]},{\"@type\":\"ImageObject\",\"inLanguage\":\"es-AR\",\"@id\":\"https:\\\/\\\/www.iaavim.gob.ar\\\/?p=10170#primaryimage\",\"url\":\"https:\\\/\\\/www.iaavim.gob.ar\\\/wp-content\\\/uploads\\\/2020\\\/11\\\/NEW-portada-sitio-17.png\",\"contentUrl\":\"https:\\\/\\\/www.iaavim.gob.ar\\\/wp-content\\\/uploads\\\/2020\\\/11\\\/NEW-portada-sitio-17.png\",\"width\":1200,\"height\":480},{\"@type\":\"BreadcrumbList\",\"@id\":\"https:\\\/\\\/www.iaavim.gob.ar\\\/?p=10170#breadcrumb\",\"itemListElement\":[{\"@type\":\"ListItem\",\"position\":1,\"name\":\"Inicio\",\"item\":\"https:\\\/\\\/www.iaavim.gob.ar\\\/\"},{\"@type\":\"ListItem\",\"position\":2,\"name\":\"Autoridades misioneras del Audiovisual en el Primer Coloquio del sector\"}]},{\"@type\":\"WebSite\",\"@id\":\"\\\/#website\",\"url\":\"\\\/\",\"name\":\"\",\"description\":\"Sitio oficial del IAAviM\",\"publisher\":{\"@id\":\"\\\/#organization\"},\"potentialAction\":[{\"@type\":\"SearchAction\",\"target\":{\"@type\":\"EntryPoint\",\"urlTemplate\":\"\\\/?s={search_term_string}\"},\"query-input\":{\"@type\":\"PropertyValueSpecification\",\"valueRequired\":true,\"valueName\":\"search_term_string\"}}],\"inLanguage\":\"es-AR\"},{\"@type\":\"Organization\",\"@id\":\"\\\/#organization\",\"name\":\"Instituto de Artes Audiovisuales de Misiones\",\"url\":\"\\\/\",\"logo\":{\"@type\":\"ImageObject\",\"inLanguage\":\"es-AR\",\"@id\":\"\\\/#\\\/schema\\\/logo\\\/image\\\/\",\"url\":\"https:\\\/\\\/iaavim.misiones.gob.ar\\\/wp-content\\\/uploads\\\/2021\\\/07\\\/logo-iaavim-preview.png.jpg\",\"contentUrl\":\"https:\\\/\\\/iaavim.misiones.gob.ar\\\/wp-content\\\/uploads\\\/2021\\\/07\\\/logo-iaavim-preview.png.jpg\",\"width\":1200,\"height\":675,\"caption\":\"Instituto de Artes Audiovisuales de Misiones\"},\"image\":{\"@id\":\"\\\/#\\\/schema\\\/logo\\\/image\\\/\"}},{\"@type\":\"Person\",\"@id\":\"\\\/#\\\/schema\\\/person\\\/567fbb427319d0dae3bc6b33aba48a62\",\"name\":\"IAAviM\",\"image\":{\"@type\":\"ImageObject\",\"inLanguage\":\"es-AR\",\"@id\":\"https:\\\/\\\/secure.gravatar.com\\\/avatar\\\/9802bb83cd8afc8d9eae1a570850fcaf194494ca73cbac30d506afe269460348?s=96&d=blank&r=g\",\"url\":\"https:\\\/\\\/secure.gravatar.com\\\/avatar\\\/9802bb83cd8afc8d9eae1a570850fcaf194494ca73cbac30d506afe269460348?s=96&d=blank&r=g\",\"contentUrl\":\"https:\\\/\\\/secure.gravatar.com\\\/avatar\\\/9802bb83cd8afc8d9eae1a570850fcaf194494ca73cbac30d506afe269460348?s=96&d=blank&r=g\",\"caption\":\"IAAviM\"},\"url\":\"https:\\\/\\\/www.iaavim.gob.ar\\\/?author=1\"}]}<\/script>\n<!-- \/ Yoast SEO plugin. -->","yoast_head_json":{"title":"Autoridades misioneras del Audiovisual en el Primer Coloquio del sector - IAAviM","description":"Joselo Schuap y Mario Gim\u00e9nez compartieron experiencias estrat\u00e9gicas de vinculaci\u00f3n en el panel \u201cHacia un modelo multipolar de la industria\u201d.","robots":{"index":"index","follow":"follow","max-snippet":"max-snippet:-1","max-image-preview":"max-image-preview:large","max-video-preview":"max-video-preview:-1"},"canonical":"https:\/\/www.iaavim.gob.ar\/?p=10170","og_locale":"es_ES","og_type":"article","og_title":"Autoridades misioneras del Audiovisual en el Primer Coloquio del sector - IAAviM","og_description":"Joselo Schuap y Mario Gim\u00e9nez compartieron experiencias estrat\u00e9gicas de vinculaci\u00f3n en el panel \u201cHacia un modelo multipolar de la industria\u201d.","og_url":"https:\/\/www.iaavim.gob.ar\/?p=10170","article_published_time":"2020-11-14T18:27:34+00:00","article_modified_time":"2020-11-14T18:29:08+00:00","og_image":[{"width":1200,"height":480,"url":"https:\/\/www.iaavim.gob.ar\/wp-content\/uploads\/2020\/11\/NEW-portada-sitio-17.png","type":"image\/png"}],"author":"IAAviM","twitter_card":"summary_large_image","twitter_misc":{"Escrito por":"IAAviM","Tiempo de lectura":"5 minutos"},"schema":{"@context":"https:\/\/schema.org","@graph":[{"@type":"Article","@id":"https:\/\/www.iaavim.gob.ar\/?p=10170#article","isPartOf":{"@id":"https:\/\/www.iaavim.gob.ar\/?p=10170"},"author":{"name":"IAAviM","@id":"\/#\/schema\/person\/567fbb427319d0dae3bc6b33aba48a62"},"headline":"Autoridades misioneras del Audiovisual en el Primer Coloquio del sector","datePublished":"2020-11-14T18:27:34+00:00","dateModified":"2020-11-14T18:29:08+00:00","mainEntityOfPage":{"@id":"https:\/\/www.iaavim.gob.ar\/?p=10170"},"wordCount":1035,"publisher":{"@id":"\/#organization"},"image":{"@id":"https:\/\/www.iaavim.gob.ar\/?p=10170#primaryimage"},"thumbnailUrl":"https:\/\/www.iaavim.gob.ar\/wp-content\/uploads\/2020\/11\/NEW-portada-sitio-17.png","keywords":["APAC","Asociaci\u00f3n de Productores Audiovisuales de C\u00f3rdoba","Coloquio Industria Audiovisual","Joselo Schuap","Mario Gim\u00e9nez"],"articleSection":["Noticias del IAAviM"],"inLanguage":"es-AR"},{"@type":"WebPage","@id":"https:\/\/www.iaavim.gob.ar\/?p=10170","url":"https:\/\/www.iaavim.gob.ar\/?p=10170","name":"Autoridades misioneras del Audiovisual en el Primer Coloquio del sector - IAAviM","isPartOf":{"@id":"\/#website"},"primaryImageOfPage":{"@id":"https:\/\/www.iaavim.gob.ar\/?p=10170#primaryimage"},"image":{"@id":"https:\/\/www.iaavim.gob.ar\/?p=10170#primaryimage"},"thumbnailUrl":"https:\/\/www.iaavim.gob.ar\/wp-content\/uploads\/2020\/11\/NEW-portada-sitio-17.png","datePublished":"2020-11-14T18:27:34+00:00","dateModified":"2020-11-14T18:29:08+00:00","description":"Joselo Schuap y Mario Gim\u00e9nez compartieron experiencias estrat\u00e9gicas de vinculaci\u00f3n en el panel \u201cHacia un modelo multipolar de la industria\u201d.","breadcrumb":{"@id":"https:\/\/www.iaavim.gob.ar\/?p=10170#breadcrumb"},"inLanguage":"es-AR","potentialAction":[{"@type":"ReadAction","target":["https:\/\/www.iaavim.gob.ar\/?p=10170"]}]},{"@type":"ImageObject","inLanguage":"es-AR","@id":"https:\/\/www.iaavim.gob.ar\/?p=10170#primaryimage","url":"https:\/\/www.iaavim.gob.ar\/wp-content\/uploads\/2020\/11\/NEW-portada-sitio-17.png","contentUrl":"https:\/\/www.iaavim.gob.ar\/wp-content\/uploads\/2020\/11\/NEW-portada-sitio-17.png","width":1200,"height":480},{"@type":"BreadcrumbList","@id":"https:\/\/www.iaavim.gob.ar\/?p=10170#breadcrumb","itemListElement":[{"@type":"ListItem","position":1,"name":"Inicio","item":"https:\/\/www.iaavim.gob.ar\/"},{"@type":"ListItem","position":2,"name":"Autoridades misioneras del Audiovisual en el Primer Coloquio del sector"}]},{"@type":"WebSite","@id":"\/#website","url":"\/","name":"","description":"Sitio oficial del IAAviM","publisher":{"@id":"\/#organization"},"potentialAction":[{"@type":"SearchAction","target":{"@type":"EntryPoint","urlTemplate":"\/?s={search_term_string}"},"query-input":{"@type":"PropertyValueSpecification","valueRequired":true,"valueName":"search_term_string"}}],"inLanguage":"es-AR"},{"@type":"Organization","@id":"\/#organization","name":"Instituto de Artes Audiovisuales de Misiones","url":"\/","logo":{"@type":"ImageObject","inLanguage":"es-AR","@id":"\/#\/schema\/logo\/image\/","url":"https:\/\/iaavim.misiones.gob.ar\/wp-content\/uploads\/2021\/07\/logo-iaavim-preview.png.jpg","contentUrl":"https:\/\/iaavim.misiones.gob.ar\/wp-content\/uploads\/2021\/07\/logo-iaavim-preview.png.jpg","width":1200,"height":675,"caption":"Instituto de Artes Audiovisuales de Misiones"},"image":{"@id":"\/#\/schema\/logo\/image\/"}},{"@type":"Person","@id":"\/#\/schema\/person\/567fbb427319d0dae3bc6b33aba48a62","name":"IAAviM","image":{"@type":"ImageObject","inLanguage":"es-AR","@id":"https:\/\/secure.gravatar.com\/avatar\/9802bb83cd8afc8d9eae1a570850fcaf194494ca73cbac30d506afe269460348?s=96&d=blank&r=g","url":"https:\/\/secure.gravatar.com\/avatar\/9802bb83cd8afc8d9eae1a570850fcaf194494ca73cbac30d506afe269460348?s=96&d=blank&r=g","contentUrl":"https:\/\/secure.gravatar.com\/avatar\/9802bb83cd8afc8d9eae1a570850fcaf194494ca73cbac30d506afe269460348?s=96&d=blank&r=g","caption":"IAAviM"},"url":"https:\/\/www.iaavim.gob.ar\/?author=1"}]}},"amp_enabled":true,"_links":{"self":[{"href":"https:\/\/www.iaavim.gob.ar\/index.php?rest_route=\/wp\/v2\/posts\/10170","targetHints":{"allow":["GET"]}}],"collection":[{"href":"https:\/\/www.iaavim.gob.ar\/index.php?rest_route=\/wp\/v2\/posts"}],"about":[{"href":"https:\/\/www.iaavim.gob.ar\/index.php?rest_route=\/wp\/v2\/types\/post"}],"author":[{"embeddable":true,"href":"https:\/\/www.iaavim.gob.ar\/index.php?rest_route=\/wp\/v2\/users\/1"}],"replies":[{"embeddable":true,"href":"https:\/\/www.iaavim.gob.ar\/index.php?rest_route=%2Fwp%2Fv2%2Fcomments&post=10170"}],"version-history":[{"count":2,"href":"https:\/\/www.iaavim.gob.ar\/index.php?rest_route=\/wp\/v2\/posts\/10170\/revisions"}],"predecessor-version":[{"id":10174,"href":"https:\/\/www.iaavim.gob.ar\/index.php?rest_route=\/wp\/v2\/posts\/10170\/revisions\/10174"}],"wp:featuredmedia":[{"embeddable":true,"href":"https:\/\/www.iaavim.gob.ar\/index.php?rest_route=\/wp\/v2\/media\/10171"}],"wp:attachment":[{"href":"https:\/\/www.iaavim.gob.ar\/index.php?rest_route=%2Fwp%2Fv2%2Fmedia&parent=10170"}],"wp:term":[{"taxonomy":"category","embeddable":true,"href":"https:\/\/www.iaavim.gob.ar\/index.php?rest_route=%2Fwp%2Fv2%2Fcategories&post=10170"},{"taxonomy":"post_tag","embeddable":true,"href":"https:\/\/www.iaavim.gob.ar\/index.php?rest_route=%2Fwp%2Fv2%2Ftags&post=10170"}],"curies":[{"name":"wp","href":"https:\/\/api.w.org\/{rel}","templated":true}]}}